{"id":554,"date":"2018-06-06T09:00:05","date_gmt":"2018-06-06T08:00:05","guid":{"rendered":"https:\/\/test8.microlabhard.com\/diagonal-assessoraments\/inclusio-dels-treballadors-autonoms-al-sistema-xarxa\/"},"modified":"2023-04-27T10:15:38","modified_gmt":"2023-04-27T09:15:38","slug":"inclusio-dels-treballadors-autonoms-al-sistema-xarxa","status":"publish","type":"post","link":"https:\/\/diagonal-assessoraments.es\/ca\/inclusio-dels-treballadors-autonoms-al-sistema-xarxa\/","title":{"rendered":"Inclusi\u00f3 dels treballadors aut\u00f2noms al sistema RED"},"content":{"rendered":"<p>Des d&#8217;el pr\u00f2xim dia <strong>UN D&#8217;OCTUBRE de 2018<\/strong> els afiliats al R\u00e8gim Especial de Treballadors Aut\u00f2noms (RETA) tindran l&#8217;obligaci\u00f3 d&#8217;efectuar tots els seus tr\u00e0mits per via electr\u00f2nica, incloent-hi la recepci\u00f3 i signatura de notificacions, podent delegar-ho a un autoritzat en el sistema XARXA. Per a aix\u00f2 tindran la necessitat, des de la data indicada, d&#8217;incorporar-se personalment al sistema XARXA (remissi\u00f3 electr\u00f2nica de dades) per a la comunicaci\u00f3 amb la Seguretat Social, ja que a partir d&#8217;aquest moment tots els tr\u00e0mits relacionats amb la seva afiliaci\u00f3, recaptaci\u00f3 i cotitzaci\u00f3 de les quotes s&#8217;hauran de fer per aquesta via, aix\u00ed com per a la recepci\u00f3 de notificacions que efectu\u00ef la Seguretat Social.<\/p>\n<p>L&#8217;Administraci\u00f3 ja est\u00e0 comunicant aquesta normativa a tots els afectats per la mateixa quant a que hauran de comunicar la seva adaptaci\u00f3 i efectuar tots els seus tr\u00e0mits directament per la Seu Electr\u00f2nica de la Seguretat Social (SEDESS) mitjan\u00e7ant certificat digital o b\u00e9 delegar-ho a un autoritzat XARXA.<\/p>\n<p>Aix\u00ed mateix, els comuniquem que la Tresoreria General de la Seguretat Social precisa les seves <strong>dades de contacte (tel\u00e8fon m\u00f2bil i adre\u00e7a de correu electr\u00f2nic) juntament amb l&#8217;acceptaci\u00f3 de rebre missatges via SMS<\/strong>, per a garantir que poden relacionar-se electr\u00f2nicament amb l&#8217;Administraci\u00f3 i proporcionar-los els serveis.<\/p>\n<p>En conseq\u00fc\u00e8ncia <strong>li remetem el present correu amb la finalitat que pugui fer-los arribar emplenats les dades<\/strong> que s&#8217;indiquen, o b\u00e9 perqu\u00e8 no els hagi facilitat fins al moment, o b\u00e9 perqu\u00e8 requereixi actualitzar-los.<\/p>\n<p>Aquestes dades podr\u00e0 incorporar-los vost\u00e8 mateix\/a:<\/p>\n<ul>\n<li>A trav\u00e9s de la <strong>Seu Electr\u00f2nica<\/strong> de TGSS, si disposa de certificat digital o usuari-contrasenya\/Cl@ve: <a href=\"https:\/\/sede.seg-social.gob.es\" target=\"_blank\" rel=\"noopener\">https:\/\/sede.seg-social.gob.es<\/a> seguint la ruta: <strong>Sede Electr\u00f3nica &gt; Ciudadanos &gt; Afiliaci\u00f3n e inscripci\u00f3n &gt; Comunicaci\u00f3n de tel\u00e9fono y correo electr\u00f3nico<\/strong><\/li>\n<li>Acudint a una de les <strong>oficines de la Seguretat Social<\/strong> amb el formulari adjunt emplenat.<\/li>\n<\/ul>\n","protected":false},"excerpt":{"rendered":"<p>Des d&#8217;el pr\u00f2xim dia UN D&#8217;OCTUBRE de 2018 els afiliats al R\u00e8gim Especial de Treballadors Aut\u00f2noms (RETA) tindran l&#8217;obligaci\u00f3 d&#8217;efectuar tots els seus tr\u00e0mits per via electr\u00f2nica, incloent-hi la recepci\u00f3 i signatura de notificacions, podent delegar-ho a un autoritzat en el sistema XARXA. Per a aix\u00f2 tindran la necessitat, des de la data indicada, d&#8217;incorporar-se [&hellip;]<\/p>\n","protected":false},"author":1,"featured_media":538,"comment_status":"closed","ping_status":"closed","sticky":false,"template":"","format":"standard","meta":{"_seopress_robots_primary_cat":"","_seopress_titles_title":"","_seopress_titles_desc":"Des del pro","_seopress_robots_index":"","footnotes":""},"categories":[1],"tags":[],"class_list":["post-554","post","type-post","status-publish","format-standard","has-post-thumbnail","hentry","category-sin-categorizar"],"featured_image_src":{"landsacpe":["https:\/\/diagonal-assessoraments.es\/wp-content\/uploads\/2018\/06\/Inclusion-de-los-trabajadores-autonomos-al-sistema-RED-1140x445.jpg",1140,445,true],"list":["https:\/\/diagonal-assessoraments.es\/wp-content\/uploads\/2018\/06\/Inclusion-de-los-trabajadores-autonomos-al-sistema-RED-463x348.jpg",463,348,true],"medium":["https:\/\/diagonal-assessoraments.es\/wp-content\/uploads\/2018\/06\/Inclusion-de-los-trabajadores-autonomos-al-sistema-RED-300x200.jpg",300,200,true],"full":["https:\/\/diagonal-assessoraments.es\/wp-content\/uploads\/2018\/06\/Inclusion-de-los-trabajadores-autonomos-al-sistema-RED.jpg",1920,1280,false]},"_links":{"self":[{"href":"https:\/\/diagonal-assessoraments.es\/ca\/wp-json\/wp\/v2\/posts\/554","targetHints":{"allow":["GET"]}}],"collection":[{"href":"https:\/\/diagonal-assessoraments.es\/ca\/wp-json\/wp\/v2\/posts"}],"about":[{"href":"https:\/\/diagonal-assessoraments.es\/ca\/wp-json\/wp\/v2\/types\/post"}],"author":[{"embeddable":true,"href":"https:\/\/diagonal-assessoraments.es\/ca\/wp-json\/wp\/v2\/users\/1"}],"replies":[{"embeddable":true,"href":"https:\/\/diagonal-assessoraments.es\/ca\/wp-json\/wp\/v2\/comments?post=554"}],"version-history":[{"count":2,"href":"https:\/\/diagonal-assessoraments.es\/ca\/wp-json\/wp\/v2\/posts\/554\/revisions"}],"predecessor-version":[{"id":755,"href":"https:\/\/diagonal-assessoraments.es\/ca\/wp-json\/wp\/v2\/posts\/554\/revisions\/755"}],"wp:featuredmedia":[{"embeddable":true,"href":"https:\/\/diagonal-assessoraments.es\/ca\/wp-json\/wp\/v2\/media\/538"}],"wp:attachment":[{"href":"https:\/\/diagonal-assessoraments.es\/ca\/wp-json\/wp\/v2\/media?parent=554"}],"wp:term":[{"taxonomy":"category","embeddable":true,"href":"https:\/\/diagonal-assessoraments.es\/ca\/wp-json\/wp\/v2\/categories?post=554"},{"taxonomy":"post_tag","embeddable":true,"href":"https:\/\/diagonal-assessoraments.es\/ca\/wp-json\/wp\/v2\/tags?post=554"}],"curies":[{"name":"wp","href":"https:\/\/api.w.org\/{rel}","templated":true}]}}